{"id":599,"date":"2021-02-25T08:30:32","date_gmt":"2021-02-25T08:30:32","guid":{"rendered":"https:\/\/theadx.com\/blog\/?p=599"},"modified":"2024-12-27T12:26:45","modified_gmt":"2024-12-27T12:26:45","slug":"covid-19-dijital-pazarlamayi-nasil-etkiledi","status":"publish","type":"post","link":"https:\/\/www.theadx.com\/blog\/covid-19-dijital-pazarlamayi-nasil-etkiledi\/","title":{"rendered":"Covid-19 Dijital Pazarlamay\u0131 Nas\u0131l Etkiledi?"},"content":{"rendered":"<p>Covid-19 s\u00fcreci hala devam ediyor ve d\u00fcnyan\u0131n d\u00f6rt bir yan\u0131ndaki h\u00fck\u00fcmetler yine okullar\u0131, kamusal alanlar\u0131 ve s\u0131n\u0131rlar\u0131 kapatarak onu kontrol alt\u0131na almaya \u00e7al\u0131\u015f\u0131yor. Koronavir\u00fcs t\u00fcm i\u015fletmeleri derinden etkilemi\u015f durumda ve pazarlamac\u0131lar\u0131n dijital pazarlama stratejilerini bu yeni d\u00fczene g\u00f6re optimize etmeleri gerekiyor.<\/p>\n<p>\u0130\u015f konferanslar\u0131, spor etkinlikleri ve konserler gibi fiziksel etkinlikler iptal edildi ve k\u00fcresel piyasalar serbest d\u00fc\u015f\u00fc\u015fe ge\u00e7ti.\u00a0Bir \u00e7ok teknoloji \u015firketin evden \u00e7al\u0131\u015fmaya ba\u015flad\u0131.<\/p>\n<p>\u015eimdi b\u00fct\u00fcn pazarlamac\u0131lar kendilerine &#8220;Bu de\u011fi\u015fiklikler ne kadar kal\u0131c\u0131?&#8221; sorusunu soruyor.<\/p>\n<p>\u0130nsanlar\u0131n dijital ortamlarda daha \u00e7ok vakit ge\u00e7irmesi, al\u0131\u015fveri\u015f al\u0131\u015fkanl\u0131klar\u0131n\u0131 art\u0131k online ticaret siteleri ile ger\u00e7ekle\u015ftirmesi asl\u0131nda dijital d\u00fcnyan\u0131n geli\u015fimine b\u00fcy\u00fck katk\u0131 sa\u011flam\u0131\u015ft\u0131r.<\/p>\n<p>\u00c7o\u011fu pazarlamac\u0131, b\u00f6ylesine belirsiz bir gelecekte hangi yolu se\u00e7ece\u011fini merak ederek bir d\u00f6n\u00fcm noktas\u0131ndad\u0131r.\u00a0Bu makale, pazarlamac\u0131lar\u0131n bu yeni ko\u015fullara nas\u0131l uyum sa\u011flad\u0131\u011f\u0131n\u0131 ve mevcut durumu atlat\u0131rken neleri akl\u0131n\u0131zda bulundurman\u0131z gerekti\u011fini anlat\u0131yor.<\/p>\n<p><img loading=\"lazy\" decoding=\"async\" class=\"wp-image-601 aligncenter\" src=\"https:\/\/theadx.com\/blog\/wp-content\/uploads\/2021\/02\/Covid-19-dijital-pazarlamayi-nasil-etkiledi-1.jpg\" alt=\"Covid-19 dijital pazarlamay\u0131 nas\u0131l etkiledi 1\" width=\"749\" height=\"499\" srcset=\"https:\/\/www.theadx.com\/blog\/wp-content\/uploads\/2021\/02\/Covid-19-dijital-pazarlamayi-nasil-etkiledi-1.jpg 1200w, https:\/\/www.theadx.com\/blog\/wp-content\/uploads\/2021\/02\/Covid-19-dijital-pazarlamayi-nasil-etkiledi-1-300x200.jpg 300w, https:\/\/www.theadx.com\/blog\/wp-content\/uploads\/2021\/02\/Covid-19-dijital-pazarlamayi-nasil-etkiledi-1-1024x683.jpg 1024w, https:\/\/www.theadx.com\/blog\/wp-content\/uploads\/2021\/02\/Covid-19-dijital-pazarlamayi-nasil-etkiledi-1-768x512.jpg 768w, https:\/\/www.theadx.com\/blog\/wp-content\/uploads\/2021\/02\/Covid-19-dijital-pazarlamayi-nasil-etkiledi-1-450x300.jpg 450w, https:\/\/www.theadx.com\/blog\/wp-content\/uploads\/2021\/02\/Covid-19-dijital-pazarlamayi-nasil-etkiledi-1-780x520.jpg 780w\" sizes=\"(max-width: 749px) 100vw, 749px\" \/><\/p>\n<h2>Pazarlamac\u0131lar Nas\u0131l Bir Yol \u0130zliyor?<\/h2>\n<p>K\u0131sa vadeli uyarlamalar<\/p>\n<p>Son\u00a0ara\u015ft\u0131rmalar,\u00a0pazarlamac\u0131lar\u0131n %61&#8217;inin k\u0131sa vadeli medya stratejilerini de\u011fi\u015ftirdi\u011fini g\u00f6stermi\u015ftir.\u00a0Ancak, yaln\u0131zca %9&#8217;u uzun vadeli de\u011fi\u015fiklikler yap\u0131yor.<\/p>\n<p>Ayn\u0131 ara\u015ft\u0131rmada pazarlamac\u0131lar\u0131n art\u0131k daha \u00e7ok \u00e7evrimi\u00e7i bir yakla\u015f\u0131m benimseyeceklerini a\u00e7\u0131k\u00e7a belirttikleri i\u00e7in \u00e7evrimd\u0131\u015f\u0131 medyadan \u00e7evrimi\u00e7i ortama bir ge\u00e7i\u015f ba\u015flam\u0131\u015ft\u0131r. Covid-19 sonras\u0131 t\u00fcketicinin \u00e7evrimi\u00e7i ya\u015fam tarz\u0131 nedeniyle dijital medyan\u0131n daha y\u00fcksek oranda t\u00fcketildi\u011fi d\u00fc\u015f\u00fcn\u00fcld\u00fc\u011f\u00fcnde bu b\u00fct\u00e7e de\u011fi\u015fikli\u011fi \u015fa\u015f\u0131rtm\u0131yor.<\/p>\n<p>Esnek kanallara ge\u00e7i\u015f<\/p>\n<p>Bu s\u00fcre\u00e7te b\u00fct\u00e7elerde azal\u0131\u015f g\u00f6ren\u00a0pazarlamac\u0131lar, t\u00fcketici varl\u0131\u011f\u0131n\u0131n ve mevcut g\u00f6sterimlerin artt\u0131\u011f\u0131\u00a0programatik reklamc\u0131l\u0131k\u00a0gibi daha ucuz ve daha esnek kanallara ge\u00e7erek fayda sa\u011flayabilir.\u00a0 Dijital g\u00f6r\u00fcnt\u00fcl\u00fc reklamlar, sosyal medya ve \u00e7evrimi\u00e7i video, k\u0131sa vadeli medya plan\u0131nda art\u0131\u015f g\u00f6steren kanallard\u0131r.<\/p>\n<p>Metro reklam panolar\u0131 gibi ev d\u0131\u015f\u0131 reklamlar, \u00e7o\u011fu insan\u0131n evde kalmas\u0131 nedeniyle \u00e7ok daha ki\u015fiye ula\u015faca\u011f\u0131 i\u00e7in bu tip pazarlama kanallar\u0131n\u0131n durdu\u011funu bu b\u00fct\u00e7elerin \u00e7evrimi\u00e7i reklamlara do\u011fru kayd\u0131\u011f\u0131n\u0131 s\u00f6ylemek m\u00fcmk\u00fcnd\u00fcr. Baz\u0131 B2B markalar\u0131, pazarlama b\u00fct\u00e7elerini d\u00fc\u015f\u00fcrmek yerine normalde etkinliklerde toplayacaklar\u0131 potansiyel m\u00fc\u015fterileri telafi etmek i\u00e7in dijital reklam harcamalar\u0131n\u0131 art\u0131r\u0131yor.<\/p>\n<p>Uzun vadeli endi\u015fe<\/p>\n<p>Mevcut bir endi\u015fe olan salg\u0131n\u0131n ne zaman bitti\u011fini kimsenin ger\u00e7ekten bilinmemesi asl\u0131nda bir\u00e7ok planlama da pazarlamac\u0131lar\u0131n \u00f6n\u00fcn\u00fc kesebiliyor. Bir\u00e7ok sekt\u00f6rde harcamalar\u0131n nas\u0131l azald\u0131\u011f\u0131n\u0131 g\u00f6r\u00fcyoruz.\u00a0Seyahat sekt\u00f6r\u00fc, perakende sat\u0131\u015f veya etkinlik maliyetlerini d\u00fc\u015f\u00fcrmek i\u00e7in \u00e7abal\u0131yor.\u00a0Ancak, bir\u00e7ok iste\u011fe ba\u011fl\u0131 \u00e7evrimi\u00e7i hizmet, \u00f6zellikle \u00e7evrimi\u00e7i kanallarda reklam harcamalar\u0131n\u0131 art\u0131rabilir.<\/p>\n<p>\u00c7evrimi\u00e7i yemek da\u011f\u0131t\u0131m hizmetleri, yay\u0131n ak\u0131\u015f\u0131 veya \u00e7evrimi\u00e7i haber kanallar\u0131 gibi hizmetler, y\u00fcksek \u00e7evrimi\u00e7i varl\u0131ktan yararlan\u0131yor.\u00a0Bu markalar daha b\u00fcy\u00fck bir pazarda daha b\u00fcy\u00fck bir pazar pay\u0131 almak ve harcamalar\u0131 art\u0131rmak isteyeceklerdir.\u00a0\u00a0Asl\u0131nda bu s\u00fcre\u00e7 bize dijital d\u00fcnyan\u0131n \u00f6nemini bir kez daha hat\u0131rlatt\u0131. E-ticarete ba\u015flam\u0131\u015f bir \u00e7ok i\u015fletme bu d\u00f6nemde di\u011fer sat\u0131\u015f kanall\u0131 i\u015fletmeler kadar etkilenmedi.<\/p>\n<p><img loading=\"lazy\" decoding=\"async\" class=\"wp-image-602 aligncenter\" src=\"https:\/\/theadx.com\/blog\/wp-content\/uploads\/2021\/02\/Covid-19-dijital-pazarlamayi-nasil-etkiledi-2.jpg\" alt=\"Covid-19 dijital pazarlamay\u0131 nas\u0131l etkiledi 2\" width=\"737\" height=\"491\" srcset=\"https:\/\/www.theadx.com\/blog\/wp-content\/uploads\/2021\/02\/Covid-19-dijital-pazarlamayi-nasil-etkiledi-2.jpg 1200w, https:\/\/www.theadx.com\/blog\/wp-content\/uploads\/2021\/02\/Covid-19-dijital-pazarlamayi-nasil-etkiledi-2-300x200.jpg 300w, https:\/\/www.theadx.com\/blog\/wp-content\/uploads\/2021\/02\/Covid-19-dijital-pazarlamayi-nasil-etkiledi-2-1024x683.jpg 1024w, https:\/\/www.theadx.com\/blog\/wp-content\/uploads\/2021\/02\/Covid-19-dijital-pazarlamayi-nasil-etkiledi-2-768x512.jpg 768w, https:\/\/www.theadx.com\/blog\/wp-content\/uploads\/2021\/02\/Covid-19-dijital-pazarlamayi-nasil-etkiledi-2-450x300.jpg 450w, https:\/\/www.theadx.com\/blog\/wp-content\/uploads\/2021\/02\/Covid-19-dijital-pazarlamayi-nasil-etkiledi-2-780x520.jpg 780w\" sizes=\"(max-width: 737px) 100vw, 737px\" \/><\/p>\n<h2>Covid-19 \u0130le Ak\u0131lda Kalmas\u0131 Gerekenler<\/h2>\n<p>Gelece\u011fin belirsizli\u011fi anla\u015f\u0131labilir.<\/p>\n<p>Uzun vadeye odaklanmak ve yeni b\u00fcy\u00fcme f\u0131rsatlar\u0131ndan ka\u00e7\u0131nmamak \u00f6nemlidir.<\/p>\n<p>Markala\u015fma en iyi uzun vadede i\u015fe yarar\u00a0Gerekli olmad\u0131\u011f\u0131nda b\u00fct\u00e7enin \u00e7ok fazla kesilmesi, pandemi sona erdi\u011finde markay\u0131 olumsuz etkileyebilir.\u00a0Pazarlamac\u0131lar, bir krizin ortas\u0131nda f\u0131rsat olabilece\u011fini unutmamal\u0131d\u0131r.<\/p>\n<p>Koronavir\u00fcs s\u0131ras\u0131nda t\u00fcketiciler, pazarlamac\u0131lar\u0131n al\u0131\u015f\u0131k olmad\u0131\u011f\u0131 zamanlarda \u00e7evrimi\u00e7idir.\u00a0\u00c7evrimi\u00e7i aktivite ve al\u0131\u015fveri\u015f, normal ko\u015fullarda aktivitenin d\u00fc\u015f\u00fck oldu\u011fu g\u00fcn ortas\u0131na kayabilir.\u00a0S\u00fcrekli bir son dakika haberi ak\u0131\u015f\u0131 oldu\u011fu i\u00e7in \u00e7evrimi\u00e7i etkinlik daha y\u00fcksek olabilir.\u00a0Baz\u0131 sekt\u00f6rlerde pazarlama b\u00fct\u00e7eleri k\u0131s\u0131ld\u0131k\u00e7a medya daha ucuz olacakt\u0131r.\u00a0Bir olas\u0131l\u0131k varsa, bundan yararlanmak a\u00e7\u0131k olumlu etkilere sahip olacakt\u0131r.<\/p>\n<p>Etkilenen bir\u00e7ok \u015firketin dijital pazarlama b\u00fct\u00e7elerini\u00a0d\u00fc\u015f\u00fcrmesiyle birlikte CPM ve CPC fiyatlar\u0131nda\u00a0(rekabetteki d\u00fc\u015f\u00fc\u015f nedeniyle)\u00a0% 47&#8217;ye varan\u00a0bir\u00a0d\u00fc\u015f\u00fc\u015f\u00a0g\u00f6r\u00fcyoruz\u00a0.\u00a0Bu, baz\u0131 pazarlamac\u0131lar\u0131n \u00f6ncekinden daha d\u00fc\u015f\u00fck bir maliyetle yeni m\u00fc\u015fteriler edinmesi i\u00e7in ideal bir f\u0131rsatt\u0131r.<\/p>\n<p>T\u00fcketiciler haberleri okumak veya izlemek i\u00e7in her zamankinden daha fazla zaman harc\u0131yor.\u00a0Pazarlamac\u0131lar art\u0131k\u00a0Covid-19 \u00f6ncesi d\u00f6neme g\u00f6re daha d\u00fc\u015f\u00fck bir maliyetle\u00a0bu pop\u00fcler web sitelerinde reklam vererek daha fazla g\u00f6ze hitap etme f\u0131rsat\u0131na sahip.<\/p>\n<p>Yeni M\u00fc\u015fteriye Uyum Sa\u011flay\u0131n<\/p>\n<p>Bir marka i\u00e7in, \u00e7evrimi\u00e7i varl\u0131k hi\u00e7bir zaman bug\u00fcnk\u00fc kadar \u00f6nemli olmam\u0131\u015ft\u0131.\u00a0G\u00fcnl\u00fck i\u015flerinizi her zamanki gibi yapmaya \u00e7al\u0131\u015f\u0131n, ancak onu dijital tutun.<\/p>\n<p>Hedef kitlenizi ve ya\u015fam tarzlar\u0131n\u0131n nas\u0131l de\u011fi\u015fti\u011fini analiz edin ve onlar\u0131 nas\u0131l hedeflemeniz gerekti\u011fini planlay\u0131n.<\/p>\n<p>Hedef kitlenizin duygusal ba\u011flam\u0131 nedir?\u00a0Ne duymak istiyorlar?\u00a0Onlarla nas\u0131l ileti\u015fim kurmal\u0131s\u0131n\u0131z?<\/p>\n<p>Covid-19\u2019un m\u00fc\u015fterilerinizi nas\u0131l de\u011fi\u015ftirdi\u011fini ve taleplerini nas\u0131l etkiledi\u011fini k\u00fc\u00e7\u00fcmsemeyin.<\/p>\n","protected":false},"excerpt":{"rendered":"<p>Covid-19 s\u00fcreci hala devam ediyor ve d\u00fcnyan\u0131n d\u00f6rt bir yan\u0131ndaki h\u00fck\u00fcmetler yine okullar\u0131, kamusal alanlar\u0131 ve s\u0131n\u0131rlar\u0131 kapatarak onu kontrol alt\u0131na almaya \u00e7al\u0131\u015f\u0131yor. Koronavir\u00fcs t\u00fcm i\u015fletmeleri derinden etkilemi\u015f durumda ve pazarlamac\u0131lar\u0131n dijital pazarlama stratejilerini bu yeni d\u00fczene g\u00f6re optimize etmeleri gerekiyor. \u0130\u015f konferanslar\u0131, spor etkinlikleri ve konserler gibi fiziksel etkinlikler iptal edildi ve k\u00fcresel piyasalar [&hellip;]<\/p>\n","protected":false},"author":1,"featured_media":600,"comment_status":"open","ping_status":"open","sticky":false,"template":"","format":"standard","meta":{"footnotes":""},"categories":[9,117],"tags":[],"yoast_head":"<!-- This site is optimized with the Yoast SEO plugin v21.8 - https:\/\/yoast.com\/wordpress\/plugins\/seo\/ -->\n<title>Covid-19 Dijital Pazarlamay\u0131 Nas\u0131l Etkiledi? - Theadx Blog<\/title>\n<meta name=\"description\" content=\"Covid-19 D\u00f6nemi ile birlikte pazarlamac\u0131lar\u0131n dijital pazarlama stratejilerini bu yeni d\u00fczene g\u00f6re optimize etmeleri gerekiyor.\" \/>\n<meta name=\"robots\" content=\"index, follow, max-snippet:-1, max-image-preview:large, max-video-preview:-1\" \/>\n<link rel=\"canonical\" href=\"https:\/\/www.theadx.com\/blog\/covid-19-dijital-pazarlamayi-nasil-etkiledi\/\" \/>\n<meta property=\"og:locale\" content=\"tr_TR\" \/>\n<meta property=\"og:type\" content=\"article\" \/>\n<meta property=\"og:title\" content=\"Covid-19 Dijital Pazarlamay\u0131 Nas\u0131l Etkiledi? - Theadx Blog\" \/>\n<meta property=\"og:description\" content=\"Covid-19 D\u00f6nemi ile birlikte pazarlamac\u0131lar\u0131n dijital pazarlama stratejilerini bu yeni d\u00fczene g\u00f6re optimize etmeleri gerekiyor.\" \/>\n<meta property=\"og:url\" content=\"https:\/\/www.theadx.com\/blog\/covid-19-dijital-pazarlamayi-nasil-etkiledi\/\" \/>\n<meta property=\"og:site_name\" content=\"Theadx Blog\" \/>\n<meta property=\"article:published_time\" content=\"2021-02-25T08:30:32+00:00\" \/>\n<meta property=\"article:modified_time\" content=\"2024-12-27T12:26:45+00:00\" \/>\n<meta property=\"og:image\" content=\"https:\/\/www.theadx.com\/blog\/wp-content\/uploads\/2021\/02\/Covid-19-dijital-pazarlamayi-nasil-etkiledi.jpg\" \/>\n\t<meta property=\"og:image:width\" content=\"1200\" \/>\n\t<meta property=\"og:image:height\" content=\"800\" \/>\n\t<meta property=\"og:image:type\" content=\"image\/jpeg\" \/>\n<meta name=\"author\" content=\"Theadx\" \/>\n<meta name=\"twitter:card\" content=\"summary_large_image\" \/>\n<meta name=\"twitter:label1\" content=\"Written by\" \/>\n\t<meta name=\"twitter:data1\" content=\"Theadx\" \/>\n\t<meta name=\"twitter:label2\" content=\"Est. reading time\" \/>\n\t<meta name=\"twitter:data2\" content=\"5 dakika\" \/>\n<script type=\"application\/ld+json\" class=\"yoast-schema-graph\">{\"@context\":\"https:\/\/schema.org\",\"@graph\":[{\"@type\":\"WebPage\",\"@id\":\"https:\/\/www.theadx.com\/blog\/covid-19-dijital-pazarlamayi-nasil-etkiledi\/\",\"url\":\"https:\/\/www.theadx.com\/blog\/covid-19-dijital-pazarlamayi-nasil-etkiledi\/\",\"name\":\"Covid-19 Dijital Pazarlamay\u0131 Nas\u0131l Etkiledi? - Theadx Blog\",\"isPartOf\":{\"@id\":\"https:\/\/www.theadx.com\/blog\/#website\"},\"datePublished\":\"2021-02-25T08:30:32+00:00\",\"dateModified\":\"2024-12-27T12:26:45+00:00\",\"author\":{\"@id\":\"https:\/\/www.theadx.com\/blog\/#\/schema\/person\/7618f7c5d4ebe5cdbd5aaa15628e529e\"},\"description\":\"Covid-19 D\u00f6nemi ile birlikte pazarlamac\u0131lar\u0131n dijital pazarlama stratejilerini bu yeni d\u00fczene g\u00f6re optimize etmeleri gerekiyor.\",\"breadcrumb\":{\"@id\":\"https:\/\/www.theadx.com\/blog\/covid-19-dijital-pazarlamayi-nasil-etkiledi\/#breadcrumb\"},\"inLanguage\":\"tr\",\"potentialAction\":[{\"@type\":\"ReadAction\",\"target\":[\"https:\/\/www.theadx.com\/blog\/covid-19-dijital-pazarlamayi-nasil-etkiledi\/\"]}]},{\"@type\":\"BreadcrumbList\",\"@id\":\"https:\/\/www.theadx.com\/blog\/covid-19-dijital-pazarlamayi-nasil-etkiledi\/#breadcrumb\",\"itemListElement\":[{\"@type\":\"ListItem\",\"position\":1,\"name\":\"Home\",\"item\":\"https:\/\/www.theadx.com\/blog\/\"},{\"@type\":\"ListItem\",\"position\":2,\"name\":\"Covid-19 Dijital Pazarlamay\u0131 Nas\u0131l Etkiledi?\"}]},{\"@type\":\"WebSite\",\"@id\":\"https:\/\/www.theadx.com\/blog\/#website\",\"url\":\"https:\/\/www.theadx.com\/blog\/\",\"name\":\"Theadx.com Blog\",\"description\":\"Dijital pazarlama, reklam kampanyalar\u0131 ve \u00e7\u00f6z\u00fcmleri, reklam modelleri, programatik reklamc\u0131l\u0131k ve sosyal medya hakk\u0131nda merak edilenler hakk\u0131nda i\u00e7erikler.\",\"potentialAction\":[{\"@type\":\"SearchAction\",\"target\":{\"@type\":\"EntryPoint\",\"urlTemplate\":\"https:\/\/www.theadx.com\/blog\/?s={search_term_string}\"},\"query-input\":\"required name=search_term_string\"}],\"inLanguage\":\"tr\"},{\"@type\":\"Person\",\"@id\":\"https:\/\/www.theadx.com\/blog\/#\/schema\/person\/7618f7c5d4ebe5cdbd5aaa15628e529e\",\"name\":\"Theadx\",\"image\":{\"@type\":\"ImageObject\",\"inLanguage\":\"tr\",\"@id\":\"https:\/\/www.theadx.com\/blog\/#\/schema\/person\/image\/\",\"url\":\"https:\/\/secure.gravatar.com\/avatar\/4cde14d47a61c45f986abb9ab3e65cf8?s=96&d=mm&r=g\",\"contentUrl\":\"https:\/\/secure.gravatar.com\/avatar\/4cde14d47a61c45f986abb9ab3e65cf8?s=96&d=mm&r=g\",\"caption\":\"Theadx\"},\"sameAs\":[\"http:\/\/blog.theadx.com\"],\"url\":\"https:\/\/www.theadx.com\/blog\/author\/theadx_admin\/\"}]}<\/script>\n<!-- \/ Yoast SEO plugin. -->","yoast_head_json":{"title":"Covid-19 Dijital Pazarlamay\u0131 Nas\u0131l Etkiledi? - Theadx Blog","description":"Covid-19 D\u00f6nemi ile birlikte pazarlamac\u0131lar\u0131n dijital pazarlama stratejilerini bu yeni d\u00fczene g\u00f6re optimize etmeleri gerekiyor.","robots":{"index":"index","follow":"follow","max-snippet":"max-snippet:-1","max-image-preview":"max-image-preview:large","max-video-preview":"max-video-preview:-1"},"canonical":"https:\/\/www.theadx.com\/blog\/covid-19-dijital-pazarlamayi-nasil-etkiledi\/","og_locale":"tr_TR","og_type":"article","og_title":"Covid-19 Dijital Pazarlamay\u0131 Nas\u0131l Etkiledi? - Theadx Blog","og_description":"Covid-19 D\u00f6nemi ile birlikte pazarlamac\u0131lar\u0131n dijital pazarlama stratejilerini bu yeni d\u00fczene g\u00f6re optimize etmeleri gerekiyor.","og_url":"https:\/\/www.theadx.com\/blog\/covid-19-dijital-pazarlamayi-nasil-etkiledi\/","og_site_name":"Theadx Blog","article_published_time":"2021-02-25T08:30:32+00:00","article_modified_time":"2024-12-27T12:26:45+00:00","og_image":[{"width":1200,"height":800,"url":"https:\/\/www.theadx.com\/blog\/wp-content\/uploads\/2021\/02\/Covid-19-dijital-pazarlamayi-nasil-etkiledi.jpg","type":"image\/jpeg"}],"author":"Theadx","twitter_card":"summary_large_image","twitter_misc":{"Written by":"Theadx","Est. reading time":"5 dakika"},"schema":{"@context":"https:\/\/schema.org","@graph":[{"@type":"WebPage","@id":"https:\/\/www.theadx.com\/blog\/covid-19-dijital-pazarlamayi-nasil-etkiledi\/","url":"https:\/\/www.theadx.com\/blog\/covid-19-dijital-pazarlamayi-nasil-etkiledi\/","name":"Covid-19 Dijital Pazarlamay\u0131 Nas\u0131l Etkiledi? - Theadx Blog","isPartOf":{"@id":"https:\/\/www.theadx.com\/blog\/#website"},"datePublished":"2021-02-25T08:30:32+00:00","dateModified":"2024-12-27T12:26:45+00:00","author":{"@id":"https:\/\/www.theadx.com\/blog\/#\/schema\/person\/7618f7c5d4ebe5cdbd5aaa15628e529e"},"description":"Covid-19 D\u00f6nemi ile birlikte pazarlamac\u0131lar\u0131n dijital pazarlama stratejilerini bu yeni d\u00fczene g\u00f6re optimize etmeleri gerekiyor.","breadcrumb":{"@id":"https:\/\/www.theadx.com\/blog\/covid-19-dijital-pazarlamayi-nasil-etkiledi\/#breadcrumb"},"inLanguage":"tr","potentialAction":[{"@type":"ReadAction","target":["https:\/\/www.theadx.com\/blog\/covid-19-dijital-pazarlamayi-nasil-etkiledi\/"]}]},{"@type":"BreadcrumbList","@id":"https:\/\/www.theadx.com\/blog\/covid-19-dijital-pazarlamayi-nasil-etkiledi\/#breadcrumb","itemListElement":[{"@type":"ListItem","position":1,"name":"Home","item":"https:\/\/www.theadx.com\/blog\/"},{"@type":"ListItem","position":2,"name":"Covid-19 Dijital Pazarlamay\u0131 Nas\u0131l Etkiledi?"}]},{"@type":"WebSite","@id":"https:\/\/www.theadx.com\/blog\/#website","url":"https:\/\/www.theadx.com\/blog\/","name":"Theadx.com Blog","description":"Dijital pazarlama, reklam kampanyalar\u0131 ve \u00e7\u00f6z\u00fcmleri, reklam modelleri, programatik reklamc\u0131l\u0131k ve sosyal medya hakk\u0131nda merak edilenler hakk\u0131nda i\u00e7erikler.","potentialAction":[{"@type":"SearchAction","target":{"@type":"EntryPoint","urlTemplate":"https:\/\/www.theadx.com\/blog\/?s={search_term_string}"},"query-input":"required name=search_term_string"}],"inLanguage":"tr"},{"@type":"Person","@id":"https:\/\/www.theadx.com\/blog\/#\/schema\/person\/7618f7c5d4ebe5cdbd5aaa15628e529e","name":"Theadx","image":{"@type":"ImageObject","inLanguage":"tr","@id":"https:\/\/www.theadx.com\/blog\/#\/schema\/person\/image\/","url":"https:\/\/secure.gravatar.com\/avatar\/4cde14d47a61c45f986abb9ab3e65cf8?s=96&d=mm&r=g","contentUrl":"https:\/\/secure.gravatar.com\/avatar\/4cde14d47a61c45f986abb9ab3e65cf8?s=96&d=mm&r=g","caption":"Theadx"},"sameAs":["http:\/\/blog.theadx.com"],"url":"https:\/\/www.theadx.com\/blog\/author\/theadx_admin\/"}]}},"_links":{"self":[{"href":"https:\/\/www.theadx.com\/blog\/wp-json\/wp\/v2\/posts\/599"}],"collection":[{"href":"https:\/\/www.theadx.com\/blog\/wp-json\/wp\/v2\/posts"}],"about":[{"href":"https:\/\/www.theadx.com\/blog\/wp-json\/wp\/v2\/types\/post"}],"author":[{"embeddable":true,"href":"https:\/\/www.theadx.com\/blog\/wp-json\/wp\/v2\/users\/1"}],"replies":[{"embeddable":true,"href":"https:\/\/www.theadx.com\/blog\/wp-json\/wp\/v2\/comments?post=599"}],"version-history":[{"count":0,"href":"https:\/\/www.theadx.com\/blog\/wp-json\/wp\/v2\/posts\/599\/revisions"}],"wp:featuredmedia":[{"embeddable":true,"href":"https:\/\/www.theadx.com\/blog\/wp-json\/wp\/v2\/media\/600"}],"wp:attachment":[{"href":"https:\/\/www.theadx.com\/blog\/wp-json\/wp\/v2\/media?parent=599"}],"wp:term":[{"taxonomy":"category","embeddable":true,"href":"https:\/\/www.theadx.com\/blog\/wp-json\/wp\/v2\/categories?post=599"},{"taxonomy":"post_tag","embeddable":true,"href":"https:\/\/www.theadx.com\/blog\/wp-json\/wp\/v2\/tags?post=599"}],"curies":[{"name":"wp","href":"https:\/\/api.w.org\/{rel}","templated":true}]}}